{"id":632,"date":"2023-04-22T06:25:17","date_gmt":"2023-04-22T06:25:17","guid":{"rendered":"https:\/\/milimat.eu\/inclusione-sociale-dei-migranti-in-europa-superare-le-sfide-e-cogliere-le-opportunita"},"modified":"2025-02-24T06:27:40","modified_gmt":"2025-02-24T06:27:40","slug":"inclusione-sociale-dei-migranti-in-europa-superare-le-sfide-e-cogliere-le-opportunita","status":"publish","type":"post","link":"https:\/\/milimat.eu\/it\/inclusione-sociale-dei-migranti-in-europa-superare-le-sfide-e-cogliere-le-opportunita","title":{"rendered":"Inclusione sociale dei migranti in Europa: superare le sfide e cogliere le opportunit\u00e0"},"content":{"rendered":"\n<p>L&#8217;Europa ha registrato un afflusso senza precedenti di migranti negli ultimi anni, spinto da vari fattori come i conflitti, la povert\u00e0 e il cambiamento climatico. L&#8217;integrazione dei migranti nelle societ\u00e0 europee \u00e8 una questione complessa e sfaccettata, con l&#8217;inclusione sociale che rappresenta una delle sfide fondamentali. L&#8217;inclusione sociale si riferisce al processo volto a garantire che tutte le persone, indipendentemente dal loro background, abbiano pari opportunit\u00e0 di partecipare pienamente alla societ\u00e0, accedere ai servizi sociali e godere dei propri diritti e responsabilit\u00e0.  <\/p>\n\n<h2 class=\"wp-block-heading\"><strong>Sfide per l&#8217;inclusione sociale dei migranti in Europa<\/strong><\/h2>\n\n<ol class=\"wp-block-list\">\n<li><strong>Discriminazione e xenofobia:<\/strong> i migranti sono spesso oggetto di discriminazione e xenofobia, inclusi atteggiamenti negativi, pregiudizi e preconcetti da parte delle popolazioni ospitanti. Ci\u00f2 pu\u00f2 portare all&#8217;esclusione sociale, all&#8217;emarginazione e alla riduzione delle possibilit\u00e0 di accesso all&#8217;istruzione, all&#8217;occupazione e ai servizi sociali. <\/li>\n\n\n\n<li><strong>Barriere linguistiche e culturali:<\/strong> le differenze linguistiche e culturali possono creare barriere affinch\u00e9 i migranti partecipino pienamente alla societ\u00e0. Una conoscenza limitata della lingua locale pu\u00f2 influire sulle loro capacit\u00e0 comunicative, sull&#8217;accesso all&#8217;istruzione e sulle opportunit\u00e0 di lavoro. Le differenze culturali possono anche portare a incomprensioni, conflitti e difficolt\u00e0 nell&#8217;adattarsi alle norme e ai valori locali.  <\/li>\n\n\n\n<li><strong>Mancanza di status legale:<\/strong> molti migranti in Europa affrontano sfide legate al loro status legale, inclusi migranti privi di documenti o irregolari che possono avere un accesso limitato ai servizi sociali, all&#8217;assistenza sanitaria e alla protezione legale. Ci\u00f2 pu\u00f2 accentuare la loro esclusione sociale e vulnerabilit\u00e0. <\/li>\n\n\n\n<li><strong>Svantaggio economico:<\/strong> i migranti affrontano spesso sfide economiche, tra cui povert\u00e0, disoccupazione e lavori mal pagati. Lo svantaggio economico pu\u00f2 limitare il loro accesso ad alloggi , all&#8217;assistenza sanitaria, all&#8217;istruzione e alla partecipazione sociale, portando cos\u00ec all&#8217;esclusione sociale. <\/li>\n<\/ol>\n\n<h2 class=\"wp-block-heading\"><strong>Opportunit\u00e0 per l&#8217;inclusione sociale dei migranti in Europa<\/strong><\/h2>\n\n<ol class=\"wp-block-list\">\n<li><strong>Politiche e programmi di integrazione:<\/strong> diversi paesi europei hanno attuato politiche e programmi di integrazione volti a facilitare l&#8217;inclusione sociale dei migranti. Questi includono corsi di lingua, programmi di orientamento culturale, sostegno all&#8217;occupazione e accesso ai servizi sociali. Tali iniziative possono fornire ai migranti gli strumenti e le risorse necessari per integrarsi nella societ\u00e0.  <\/li>\n<\/ol>\n\n<ol class=\"wp-block-list\" start=\"2\">\n<li><strong>Istruzione e sviluppo delle competenze:<\/strong> l&#8217;istruzione e lo sviluppo delle competenze svolgono un ruolo cruciale nell&#8217;inclusione sociale dei migranti. L&#8217;accesso a un&#8217;istruzione di qualit\u00e0, alla formazione professionale e alle opportunit\u00e0 di apprendimento permanente pu\u00f2 migliorarne l&#8217;occupabilit\u00e0, la partecipazione sociale e l&#8217;integrazione nella societ\u00e0. <\/li>\n<\/ol>\n\n<ol class=\"wp-block-list\" start=\"3\">\n<li><strong>Coesione sociale e dialogo interculturale:<\/strong> la promozione della coesione sociale e del dialogo interculturale pu\u00f2 favorire la comprensione, il rispetto e la tolleranza reciproci tra i migranti e la popolazione ospitante. Ci\u00f2 pu\u00f2 ridurre la discriminazione, la xenofobia e l&#8217;esclusione sociale e creare una societ\u00e0 pi\u00f9 inclusiva e coesa. <\/li>\n\n\n\n<li><strong>Protezione legale e diritti umani:<\/strong> garantire che i migranti abbiano accesso alla protezione legale e ai diritti umani \u00e8 essenziale per la loro inclusione sociale. Ci\u00f2 include l&#8217;accesso alle procedure di asilo, all&#8217;assistenza legale, all&#8217;assistenza sanitaria e ai servizi sociali, indipendentemente dal loro status giuridico. <\/li>\n<\/ol>\n\n<h2 class=\"wp-block-heading\">Conclusions<\/h2>\n\n<p>L&#8217;inclusione sociale dei migranti in Europa \u00e8 una questione complessa e sfaccettata che richiede sforzi globali e coordinati da parte dei governi, della societ\u00e0 civile e delle popolazioni ospitanti. Mentre ci sono sfide come la discriminazione, le barriere linguistiche, lo status giuridico e lo svantaggio economico, ci sono anche opportunit\u00e0 attraverso le politiche di integrazione, l&#8217;istruzione, la coesione sociale e la protezione legale. Promuovendo l&#8217;inclusione sociale, l&#8217;Europa pu\u00f2 sfruttare il potenziale dei migranti, celebrare la diversit\u00e0 e costruire societ\u00e0 pi\u00f9 inclusive e coese.  <\/p>\n\n<p><strong>Sources<\/strong>: <\/p>\n\n<p><a href=\"https:\/\/home-affairs.ec.europa.eu\/system\/files\/2022-07\/EMN_Annual-report_Migration_report_final.pdf\">EMN (Hrsg.). (2022). <em>Annual Report on Migration and Asylum 2021<\/em>. <\/a><\/p>\n\n<p><a href=\"https:\/\/data.europa.eu\/doi\/10.2785\/295423\" data-type=\"URL\" data-id=\"https:\/\/data.europa.eu\/doi\/10.2785\/295423\">European Commission. Statistical Office of the European Union.  (2017).  <em>Migrant integration: 2017 edition.<\/em> Publications Office.<\/a><\/p>\n\n<p><a href=\"https:\/\/doi.org\/10.20431\/2349-0381.0810008\" data-type=\"URL\" data-id=\"https:\/\/doi.org\/10.20431\/2349-0381.0810008\">The Role of Religion in the Social Inclusion of Arab Refugees and Immigrants in Europe. <\/a> <\/p>\n","protected":false},"excerpt":{"rendered":"<p>L&#8217;Europa ha registrato un afflusso senza precedenti di migranti negli ultimi anni, spinto da vari fattori come i conflitti, la povert\u00e0 e il cambiamento climatico. L&#8217;integrazione dei migranti nelle societ\u00e0 europee \u00e8 una questione complessa e sfaccettata, con l&#8217;inclusione sociale che rappresenta una delle sfide fondamentali. L&#8217;inclusione sociale si riferisce al processo volto a garantire [&hellip;]<\/p>\n","protected":false},"author":1,"featured_media":621,"comment_status":"closed","ping_status":"closed","sticky":false,"template":"","format":"standard","meta":{"_acf_changed":false,"footnotes":""},"categories":[48],"tags":[],"class_list":["post-632","post","type-post","status-publish","format-standard","has-post-thumbnail","hentry","category-articolo"],"acf":[],"yoast_head":"<!-- This site is optimized with the Yoast SEO plugin v24.7 - https:\/\/yoast.com\/wordpress\/plugins\/seo\/ -->\n<title>Inclusione sociale dei migranti in Europa: superare le sfide e cogliere le opportunit\u00e0 - MILIMAT<\/title>\n<meta name=\"robots\" content=\"index, follow, max-snippet:-1, max-image-preview:large, max-video-preview:-1\" \/>\n<link rel=\"canonical\" href=\"https:\/\/milimat.eu\/it\/inclusione-sociale-dei-migranti-in-europa-superare-le-sfide-e-cogliere-le-opportunita\" \/>\n<meta property=\"og:locale\" content=\"it_IT\" \/>\n<meta property=\"og:type\" content=\"article\" \/>\n<meta property=\"og:title\" content=\"Inclusione sociale dei migranti in Europa: superare le sfide e cogliere le opportunit\u00e0 - MILIMAT\" \/>\n<meta property=\"og:description\" content=\"L&#8217;Europa ha registrato un afflusso senza precedenti di migranti negli ultimi anni, spinto da vari fattori come i conflitti, la povert\u00e0 e il cambiamento climatico. L&#8217;integrazione dei migranti nelle societ\u00e0 europee \u00e8 una questione complessa e sfaccettata, con l&#8217;inclusione sociale che rappresenta una delle sfide fondamentali. L&#8217;inclusione sociale si riferisce al processo volto a garantire [&hellip;]\" \/>\n<meta property=\"og:url\" content=\"https:\/\/milimat.eu\/it\/inclusione-sociale-dei-migranti-in-europa-superare-le-sfide-e-cogliere-le-opportunita\" \/>\n<meta property=\"og:site_name\" content=\"MILIMAT\" \/>\n<meta property=\"article:published_time\" content=\"2023-04-22T06:25:17+00:00\" \/>\n<meta property=\"article:modified_time\" content=\"2025-02-24T06:27:40+00:00\" \/>\n<meta property=\"og:image\" content=\"https:\/\/milimat.eu\/wp-content\/uploads\/2023\/04\/Foto-web-MILIMAT_Article-2.jpg\" \/>\n\t<meta property=\"og:image:width\" content=\"2400\" \/>\n\t<meta property=\"og:image:height\" content=\"1600\" \/>\n\t<meta property=\"og:image:type\" content=\"image\/jpeg\" \/>\n<meta name=\"author\" content=\"milimat\" \/>\n<meta name=\"twitter:card\" content=\"summary_large_image\" \/>\n<meta name=\"twitter:label1\" content=\"Scritto da\" \/>\n\t<meta name=\"twitter:data1\" content=\"milimat\" \/>\n\t<meta name=\"twitter:label2\" content=\"Tempo di lettura stimato\" \/>\n\t<meta name=\"twitter:data2\" content=\"3 minuti\" \/>\n<script type=\"application\/ld+json\" class=\"yoast-schema-graph\">{\"@context\":\"https:\/\/schema.org\",\"@graph\":[{\"@type\":\"Article\",\"@id\":\"https:\/\/milimat.eu\/it\/inclusione-sociale-dei-migranti-in-europa-superare-le-sfide-e-cogliere-le-opportunita#article\",\"isPartOf\":{\"@id\":\"https:\/\/milimat.eu\/it\/inclusione-sociale-dei-migranti-in-europa-superare-le-sfide-e-cogliere-le-opportunita\"},\"author\":{\"name\":\"milimat\",\"@id\":\"https:\/\/milimat.eu\/#\/schema\/person\/6659e3992c37460c99acea0a5039e83b\"},\"headline\":\"Inclusione sociale dei migranti in Europa: superare le sfide e cogliere le opportunit\u00e0\",\"datePublished\":\"2023-04-22T06:25:17+00:00\",\"dateModified\":\"2025-02-24T06:27:40+00:00\",\"mainEntityOfPage\":{\"@id\":\"https:\/\/milimat.eu\/it\/inclusione-sociale-dei-migranti-in-europa-superare-le-sfide-e-cogliere-le-opportunita\"},\"wordCount\":634,\"publisher\":{\"@id\":\"https:\/\/milimat.eu\/#organization\"},\"image\":{\"@id\":\"https:\/\/milimat.eu\/it\/inclusione-sociale-dei-migranti-in-europa-superare-le-sfide-e-cogliere-le-opportunita#primaryimage\"},\"thumbnailUrl\":\"https:\/\/milimat.eu\/wp-content\/uploads\/2023\/04\/Foto-web-MILIMAT_Article-2.jpg\",\"articleSection\":[\"Articolo\"],\"inLanguage\":\"it-IT\"},{\"@type\":\"WebPage\",\"@id\":\"https:\/\/milimat.eu\/it\/inclusione-sociale-dei-migranti-in-europa-superare-le-sfide-e-cogliere-le-opportunita\",\"url\":\"https:\/\/milimat.eu\/it\/inclusione-sociale-dei-migranti-in-europa-superare-le-sfide-e-cogliere-le-opportunita\",\"name\":\"Inclusione sociale dei migranti in Europa: superare le sfide e cogliere le opportunit\u00e0 - MILIMAT\",\"isPartOf\":{\"@id\":\"https:\/\/milimat.eu\/#website\"},\"primaryImageOfPage\":{\"@id\":\"https:\/\/milimat.eu\/it\/inclusione-sociale-dei-migranti-in-europa-superare-le-sfide-e-cogliere-le-opportunita#primaryimage\"},\"image\":{\"@id\":\"https:\/\/milimat.eu\/it\/inclusione-sociale-dei-migranti-in-europa-superare-le-sfide-e-cogliere-le-opportunita#primaryimage\"},\"thumbnailUrl\":\"https:\/\/milimat.eu\/wp-content\/uploads\/2023\/04\/Foto-web-MILIMAT_Article-2.jpg\",\"datePublished\":\"2023-04-22T06:25:17+00:00\",\"dateModified\":\"2025-02-24T06:27:40+00:00\",\"breadcrumb\":{\"@id\":\"https:\/\/milimat.eu\/it\/inclusione-sociale-dei-migranti-in-europa-superare-le-sfide-e-cogliere-le-opportunita#breadcrumb\"},\"inLanguage\":\"it-IT\",\"potentialAction\":[{\"@type\":\"ReadAction\",\"target\":[\"https:\/\/milimat.eu\/it\/inclusione-sociale-dei-migranti-in-europa-superare-le-sfide-e-cogliere-le-opportunita\"]}]},{\"@type\":\"ImageObject\",\"inLanguage\":\"it-IT\",\"@id\":\"https:\/\/milimat.eu\/it\/inclusione-sociale-dei-migranti-in-europa-superare-le-sfide-e-cogliere-le-opportunita#primaryimage\",\"url\":\"https:\/\/milimat.eu\/wp-content\/uploads\/2023\/04\/Foto-web-MILIMAT_Article-2.jpg\",\"contentUrl\":\"https:\/\/milimat.eu\/wp-content\/uploads\/2023\/04\/Foto-web-MILIMAT_Article-2.jpg\",\"width\":2400,\"height\":1600},{\"@type\":\"BreadcrumbList\",\"@id\":\"https:\/\/milimat.eu\/it\/inclusione-sociale-dei-migranti-in-europa-superare-le-sfide-e-cogliere-le-opportunita#breadcrumb\",\"itemListElement\":[{\"@type\":\"ListItem\",\"position\":1,\"name\":\"Home\",\"item\":\"https:\/\/milimat.eu\/\"},{\"@type\":\"ListItem\",\"position\":2,\"name\":\"Inclusione sociale dei migranti in Europa: superare le sfide e cogliere le opportunit\u00e0\"}]},{\"@type\":\"WebSite\",\"@id\":\"https:\/\/milimat.eu\/#website\",\"url\":\"https:\/\/milimat.eu\/\",\"name\":\"MILIMAT\",\"description\":\"\",\"publisher\":{\"@id\":\"https:\/\/milimat.eu\/#organization\"},\"potentialAction\":[{\"@type\":\"SearchAction\",\"target\":{\"@type\":\"EntryPoint\",\"urlTemplate\":\"https:\/\/milimat.eu\/?s={search_term_string}\"},\"query-input\":{\"@type\":\"PropertyValueSpecification\",\"valueRequired\":true,\"valueName\":\"search_term_string\"}}],\"inLanguage\":\"it-IT\"},{\"@type\":\"Organization\",\"@id\":\"https:\/\/milimat.eu\/#organization\",\"name\":\"MILIMAT\",\"url\":\"https:\/\/milimat.eu\/\",\"logo\":{\"@type\":\"ImageObject\",\"inLanguage\":\"it-IT\",\"@id\":\"https:\/\/milimat.eu\/#\/schema\/logo\/image\/\",\"url\":\"https:\/\/milimat.eu\/wp-content\/uploads\/2023\/02\/MILIMAT_logo.png\",\"contentUrl\":\"https:\/\/milimat.eu\/wp-content\/uploads\/2023\/02\/MILIMAT_logo.png\",\"width\":4838,\"height\":1475,\"caption\":\"MILIMAT\"},\"image\":{\"@id\":\"https:\/\/milimat.eu\/#\/schema\/logo\/image\/\"}},{\"@type\":\"Person\",\"@id\":\"https:\/\/milimat.eu\/#\/schema\/person\/6659e3992c37460c99acea0a5039e83b\",\"name\":\"milimat\",\"image\":{\"@type\":\"ImageObject\",\"inLanguage\":\"it-IT\",\"@id\":\"https:\/\/milimat.eu\/#\/schema\/person\/image\/\",\"url\":\"https:\/\/secure.gravatar.com\/avatar\/d72d70e7a7995c01f626e4d1c4ed97de16eb87b8f1cc8814a5c830fd3734c74f?s=96&d=mm&r=g\",\"contentUrl\":\"https:\/\/secure.gravatar.com\/avatar\/d72d70e7a7995c01f626e4d1c4ed97de16eb87b8f1cc8814a5c830fd3734c74f?s=96&d=mm&r=g\",\"caption\":\"milimat\"},\"sameAs\":[\"http:\/\/milimat.eu\"],\"url\":\"https:\/\/milimat.eu\/it\/author\/milimat\"}]}<\/script>\n<!-- \/ Yoast SEO plugin. -->","yoast_head_json":{"title":"Inclusione sociale dei migranti in Europa: superare le sfide e cogliere le opportunit\u00e0 - MILIMAT","robots":{"index":"index","follow":"follow","max-snippet":"max-snippet:-1","max-image-preview":"max-image-preview:large","max-video-preview":"max-video-preview:-1"},"canonical":"https:\/\/milimat.eu\/it\/inclusione-sociale-dei-migranti-in-europa-superare-le-sfide-e-cogliere-le-opportunita","og_locale":"it_IT","og_type":"article","og_title":"Inclusione sociale dei migranti in Europa: superare le sfide e cogliere le opportunit\u00e0 - MILIMAT","og_description":"L&#8217;Europa ha registrato un afflusso senza precedenti di migranti negli ultimi anni, spinto da vari fattori come i conflitti, la povert\u00e0 e il cambiamento climatico. L&#8217;integrazione dei migranti nelle societ\u00e0 europee \u00e8 una questione complessa e sfaccettata, con l&#8217;inclusione sociale che rappresenta una delle sfide fondamentali. L&#8217;inclusione sociale si riferisce al processo volto a garantire [&hellip;]","og_url":"https:\/\/milimat.eu\/it\/inclusione-sociale-dei-migranti-in-europa-superare-le-sfide-e-cogliere-le-opportunita","og_site_name":"MILIMAT","article_published_time":"2023-04-22T06:25:17+00:00","article_modified_time":"2025-02-24T06:27:40+00:00","og_image":[{"width":2400,"height":1600,"url":"https:\/\/milimat.eu\/wp-content\/uploads\/2023\/04\/Foto-web-MILIMAT_Article-2.jpg","type":"image\/jpeg"}],"author":"milimat","twitter_card":"summary_large_image","twitter_misc":{"Scritto da":"milimat","Tempo di lettura stimato":"3 minuti"},"schema":{"@context":"https:\/\/schema.org","@graph":[{"@type":"Article","@id":"https:\/\/milimat.eu\/it\/inclusione-sociale-dei-migranti-in-europa-superare-le-sfide-e-cogliere-le-opportunita#article","isPartOf":{"@id":"https:\/\/milimat.eu\/it\/inclusione-sociale-dei-migranti-in-europa-superare-le-sfide-e-cogliere-le-opportunita"},"author":{"name":"milimat","@id":"https:\/\/milimat.eu\/#\/schema\/person\/6659e3992c37460c99acea0a5039e83b"},"headline":"Inclusione sociale dei migranti in Europa: superare le sfide e cogliere le opportunit\u00e0","datePublished":"2023-04-22T06:25:17+00:00","dateModified":"2025-02-24T06:27:40+00:00","mainEntityOfPage":{"@id":"https:\/\/milimat.eu\/it\/inclusione-sociale-dei-migranti-in-europa-superare-le-sfide-e-cogliere-le-opportunita"},"wordCount":634,"publisher":{"@id":"https:\/\/milimat.eu\/#organization"},"image":{"@id":"https:\/\/milimat.eu\/it\/inclusione-sociale-dei-migranti-in-europa-superare-le-sfide-e-cogliere-le-opportunita#primaryimage"},"thumbnailUrl":"https:\/\/milimat.eu\/wp-content\/uploads\/2023\/04\/Foto-web-MILIMAT_Article-2.jpg","articleSection":["Articolo"],"inLanguage":"it-IT"},{"@type":"WebPage","@id":"https:\/\/milimat.eu\/it\/inclusione-sociale-dei-migranti-in-europa-superare-le-sfide-e-cogliere-le-opportunita","url":"https:\/\/milimat.eu\/it\/inclusione-sociale-dei-migranti-in-europa-superare-le-sfide-e-cogliere-le-opportunita","name":"Inclusione sociale dei migranti in Europa: superare le sfide e cogliere le opportunit\u00e0 - MILIMAT","isPartOf":{"@id":"https:\/\/milimat.eu\/#website"},"primaryImageOfPage":{"@id":"https:\/\/milimat.eu\/it\/inclusione-sociale-dei-migranti-in-europa-superare-le-sfide-e-cogliere-le-opportunita#primaryimage"},"image":{"@id":"https:\/\/milimat.eu\/it\/inclusione-sociale-dei-migranti-in-europa-superare-le-sfide-e-cogliere-le-opportunita#primaryimage"},"thumbnailUrl":"https:\/\/milimat.eu\/wp-content\/uploads\/2023\/04\/Foto-web-MILIMAT_Article-2.jpg","datePublished":"2023-04-22T06:25:17+00:00","dateModified":"2025-02-24T06:27:40+00:00","breadcrumb":{"@id":"https:\/\/milimat.eu\/it\/inclusione-sociale-dei-migranti-in-europa-superare-le-sfide-e-cogliere-le-opportunita#breadcrumb"},"inLanguage":"it-IT","potentialAction":[{"@type":"ReadAction","target":["https:\/\/milimat.eu\/it\/inclusione-sociale-dei-migranti-in-europa-superare-le-sfide-e-cogliere-le-opportunita"]}]},{"@type":"ImageObject","inLanguage":"it-IT","@id":"https:\/\/milimat.eu\/it\/inclusione-sociale-dei-migranti-in-europa-superare-le-sfide-e-cogliere-le-opportunita#primaryimage","url":"https:\/\/milimat.eu\/wp-content\/uploads\/2023\/04\/Foto-web-MILIMAT_Article-2.jpg","contentUrl":"https:\/\/milimat.eu\/wp-content\/uploads\/2023\/04\/Foto-web-MILIMAT_Article-2.jpg","width":2400,"height":1600},{"@type":"BreadcrumbList","@id":"https:\/\/milimat.eu\/it\/inclusione-sociale-dei-migranti-in-europa-superare-le-sfide-e-cogliere-le-opportunita#breadcrumb","itemListElement":[{"@type":"ListItem","position":1,"name":"Home","item":"https:\/\/milimat.eu\/"},{"@type":"ListItem","position":2,"name":"Inclusione sociale dei migranti in Europa: superare le sfide e cogliere le opportunit\u00e0"}]},{"@type":"WebSite","@id":"https:\/\/milimat.eu\/#website","url":"https:\/\/milimat.eu\/","name":"MILIMAT","description":"","publisher":{"@id":"https:\/\/milimat.eu\/#organization"},"potentialAction":[{"@type":"SearchAction","target":{"@type":"EntryPoint","urlTemplate":"https:\/\/milimat.eu\/?s={search_term_string}"},"query-input":{"@type":"PropertyValueSpecification","valueRequired":true,"valueName":"search_term_string"}}],"inLanguage":"it-IT"},{"@type":"Organization","@id":"https:\/\/milimat.eu\/#organization","name":"MILIMAT","url":"https:\/\/milimat.eu\/","logo":{"@type":"ImageObject","inLanguage":"it-IT","@id":"https:\/\/milimat.eu\/#\/schema\/logo\/image\/","url":"https:\/\/milimat.eu\/wp-content\/uploads\/2023\/02\/MILIMAT_logo.png","contentUrl":"https:\/\/milimat.eu\/wp-content\/uploads\/2023\/02\/MILIMAT_logo.png","width":4838,"height":1475,"caption":"MILIMAT"},"image":{"@id":"https:\/\/milimat.eu\/#\/schema\/logo\/image\/"}},{"@type":"Person","@id":"https:\/\/milimat.eu\/#\/schema\/person\/6659e3992c37460c99acea0a5039e83b","name":"milimat","image":{"@type":"ImageObject","inLanguage":"it-IT","@id":"https:\/\/milimat.eu\/#\/schema\/person\/image\/","url":"https:\/\/secure.gravatar.com\/avatar\/d72d70e7a7995c01f626e4d1c4ed97de16eb87b8f1cc8814a5c830fd3734c74f?s=96&d=mm&r=g","contentUrl":"https:\/\/secure.gravatar.com\/avatar\/d72d70e7a7995c01f626e4d1c4ed97de16eb87b8f1cc8814a5c830fd3734c74f?s=96&d=mm&r=g","caption":"milimat"},"sameAs":["http:\/\/milimat.eu"],"url":"https:\/\/milimat.eu\/it\/author\/milimat"}]}},"_links":{"self":[{"href":"https:\/\/milimat.eu\/it\/wp-json\/wp\/v2\/posts\/632","targetHints":{"allow":["GET"]}}],"collection":[{"href":"https:\/\/milimat.eu\/it\/wp-json\/wp\/v2\/posts"}],"about":[{"href":"https:\/\/milimat.eu\/it\/wp-json\/wp\/v2\/types\/post"}],"author":[{"embeddable":true,"href":"https:\/\/milimat.eu\/it\/wp-json\/wp\/v2\/users\/1"}],"replies":[{"embeddable":true,"href":"https:\/\/milimat.eu\/it\/wp-json\/wp\/v2\/comments?post=632"}],"version-history":[{"count":4,"href":"https:\/\/milimat.eu\/it\/wp-json\/wp\/v2\/posts\/632\/revisions"}],"predecessor-version":[{"id":1745,"href":"https:\/\/milimat.eu\/it\/wp-json\/wp\/v2\/posts\/632\/revisions\/1745"}],"wp:featuredmedia":[{"embeddable":true,"href":"https:\/\/milimat.eu\/it\/wp-json\/wp\/v2\/media\/621"}],"wp:attachment":[{"href":"https:\/\/milimat.eu\/it\/wp-json\/wp\/v2\/media?parent=632"}],"wp:term":[{"taxonomy":"category","embeddable":true,"href":"https:\/\/milimat.eu\/it\/wp-json\/wp\/v2\/categories?post=632"},{"taxonomy":"post_tag","embeddable":true,"href":"https:\/\/milimat.eu\/it\/wp-json\/wp\/v2\/tags?post=632"}],"curies":[{"name":"wp","href":"https:\/\/api.w.org\/{rel}","templated":true}]}}